{"id":412,"date":"2021-05-05T11:20:00","date_gmt":"2021-05-05T09:20:00","guid":{"rendered":"http:\/\/anobi.pl\/?p=412"},"modified":"2021-05-05T11:20:00","modified_gmt":"2021-05-05T09:20:00","slug":"odszkodowania-rolnicze","status":"publish","type":"post","link":"https:\/\/www.radca-radom.pl\/en\/odszkodowania-rolnicze\/","title":{"rendered":"AGRICULTURAL COMPENSATION"},"content":{"rendered":"<p>Farmers are legally obliged to enter into a farmers' civil liability insurance agreement.\n\tFarmers' civil liability insurance covers the civil liability of a farmer and any person who, while working on a farm during the coverage period of the insurance, caused damage in connection with the farmer's property.<\/p>\n\n\n\n<p>The farm buildings are protected against fire and other fortuitous events.\nIn case of damages inflicted by natural disasters or fortuitous events the insurer should pay compensation for za destroyed or damaged building.<\/p>\n\n\n\n<p>In the case of insurance of agricultural crops against the risk of damage caused by hail, flood, negative effects of wintering or spring frosts, the farmer should receive an adequate financial compensation from the insurer for crops lost due to weather anomalies.<\/p>","protected":false},"excerpt":{"rendered":"<p>Rolnik jest obowi\u0105zany do zawarcia umowy ubezpieczenia OC rolnik\u00f3w z tytu\u0142u posiadania gospodarstwa rolnego. Ubezpieczeniem OC rolnik\u00f3w jest obj\u0119ta odpowiedzialno\u015b\u0107 cywilna rolnika oraz ka\u017cdej osoby, kt\u00f3ra pracuj\u0105c w gospodarstwie rolnym w okresie trwania ochrony ubezpieczeniowej wyrz\u0105dzi\u0142a szkod\u0119 w zwi\u0105zku z posiadaniem przez rolnika tego gospodarstwa rolnego. Budynki wchodz\u0105ce w sk\u0142ad gospodarstwa rolnego obj\u0119te s\u0105 ochron\u0105 [&hellip;]<\/p>","protected":false},"author":1,"featured_media":300,"comment_status":"open","ping_status":"open","sticky":false,"template":"","format":"standard","meta":[],"categories":[10],"tags":[],"aioseo_notices":[],"_links":{"self":[{"href":"https:\/\/www.radca-radom.pl\/en\/wp-json\/wp\/v2\/posts\/412"}],"collection":[{"href":"https:\/\/www.radca-radom.pl\/en\/wp-json\/wp\/v2\/posts"}],"about":[{"href":"https:\/\/www.radca-radom.pl\/en\/wp-json\/wp\/v2\/types\/post"}],"author":[{"embeddable":true,"href":"https:\/\/www.radca-radom.pl\/en\/wp-json\/wp\/v2\/users\/1"}],"replies":[{"embeddable":true,"href":"https:\/\/www.radca-radom.pl\/en\/wp-json\/wp\/v2\/comments?post=412"}],"version-history":[{"count":1,"href":"https:\/\/www.radca-radom.pl\/en\/wp-json\/wp\/v2\/posts\/412\/revisions"}],"predecessor-version":[{"id":413,"href":"https:\/\/www.radca-radom.pl\/en\/wp-json\/wp\/v2\/posts\/412\/revisions\/413"}],"wp:featuredmedia":[{"embeddable":true,"href":"https:\/\/www.radca-radom.pl\/en\/wp-json\/wp\/v2\/media\/300"}],"wp:attachment":[{"href":"https:\/\/www.radca-radom.pl\/en\/wp-json\/wp\/v2\/media?parent=412"}],"wp:term":[{"taxonomy":"category","embeddable":true,"href":"https:\/\/www.radca-radom.pl\/en\/wp-json\/wp\/v2\/categories?post=412"},{"taxonomy":"post_tag","embeddable":true,"href":"https:\/\/www.radca-radom.pl\/en\/wp-json\/wp\/v2\/tags?post=412"}],"curies":[{"name":"wp","href":"https:\/\/api.w.org\/{rel}","templated":true}]}}